{"id":9866,"date":"2020-12-10T10:06:46","date_gmt":"2020-12-10T10:06:46","guid":{"rendered":"https:\/\/mallorcawalks.com\/?p=9866"},"modified":"2020-12-10T10:06:46","modified_gmt":"2020-12-10T10:06:46","slug":"la-cabra-salvaje-mallorquina","status":"publish","type":"post","link":"https:\/\/mallorcawalks.com\/es\/2020\/12\/10\/la-cabra-salvaje-mallorquina\/","title":{"rendered":"La Cabra Salvaje Mallorquina"},"content":{"rendered":"<p>La cabra salvaje mallorquina proviene de los primeros animales introducidos por el hombre en las islas hace unos 2.500 a\u00f1os.<\/p>\n<p>Pesan entre 30 y 50<span class=\"Apple-converted-space\">\u00a0 <\/span>kg, miden unos 70 cmts de altura, tienen un color marr\u00f3n rojizo brillante de fondo, y negro en su espalda y patas.\u00a0Los machos son m\u00e1s grandes que las hembras y tienen barba.\u00a0Siempre tienen cuernos, abiertos y en espiral en los machos. En las hembras en forma de arco y m\u00e1s peque\u00f1os.<span class=\"Apple-converted-space\">\u00a0<\/span><\/p>\n<p><img decoding=\"async\" loading=\"lazy\" class=\"alignright wp-image-9867 \" src=\"https:\/\/mallorcawalks.com\/wp-content\/uploads\/2020\/12\/IMG_1419-300x280.jpeg\" alt=\"\" width=\"287\" height=\"268\" srcset=\"https:\/\/mallorcawalks.com\/wp-content\/uploads\/2020\/12\/IMG_1419-300x280.jpeg 300w, https:\/\/mallorcawalks.com\/wp-content\/uploads\/2020\/12\/IMG_1419-1024x956.jpeg 1024w, https:\/\/mallorcawalks.com\/wp-content\/uploads\/2020\/12\/IMG_1419-768x717.jpeg 768w, https:\/\/mallorcawalks.com\/wp-content\/uploads\/2020\/12\/IMG_1419-1536x1434.jpeg 1536w, https:\/\/mallorcawalks.com\/wp-content\/uploads\/2020\/12\/IMG_1419-2048x1912.jpeg 2048w\" sizes=\"(max-width: 287px) 100vw, 287px\" \/><\/p>\n<p>La carne tierna de los cabritos es muy apreciada por los cazadores. Su caza se practica en los cotos de caza con rifle, o m\u00e1s tradicional mediante perros y lazo, la cual permite capturar vivo al animal.<\/p>\n<p>En la actualidad, la cabra silvestre es un gran problema y una plaga para el ecosistema mallorqu\u00edn debido a la sobrepoblaci\u00f3n salvaje al no tener depredadores naturales. Gran parte de los bosques de la sierra de Tramuntana est\u00e1n en continua recesi\u00f3n por su insaciable apetito. A d\u00eda de hoy s\u00f3lo vemos y encontramos las plantas que las cabras silvestres no se comen. Por otro lado, \u00e9stas cabras \u201cbombero\u201d realizan un trabajo de limpieza forestal que sirve para evitar posibles incendios forestales.<\/p>\n","protected":false},"excerpt":{"rendered":"<p>La cabra salvaje mallorquina proviene de los primeros animales introducidos por el hombre en las&#8230;<\/p>\n","protected":false},"author":2,"featured_media":9867,"comment_status":"closed","ping_status":"open","sticky":false,"template":"","format":"standard","meta":{"footnotes":""},"categories":[111],"tags":[],"acf":[],"yoast_head":"<!-- This site is optimized with the Yoast SEO plugin v21.5 - https:\/\/yoast.com\/wordpress\/plugins\/seo\/ -->\n<title>La Cabra Salvaje Mallorquina - Mallorca Walks<\/title>\n<meta name=\"robots\" content=\"index, follow, max-snippet:-1, max-image-preview:large, max-video-preview:-1\" \/>\n<link rel=\"canonical\" href=\"https:\/\/mallorcawalks.com\/2020\/12\/10\/la-cabra-salvaje-mallorquina\/\" \/>\n<meta property=\"og:locale\" content=\"es_ES\" \/>\n<meta property=\"og:type\" content=\"article\" \/>\n<meta property=\"og:title\" content=\"La Cabra Salvaje Mallorquina - Mallorca Walks\" \/>\n<meta property=\"og:description\" content=\"La cabra salvaje mallorquina proviene de los primeros animales introducidos por el hombre en las...\" \/>\n<meta property=\"og:url\" content=\"https:\/\/mallorcawalks.com\/2020\/12\/10\/la-cabra-salvaje-mallorquina\/\" \/>\n<meta property=\"og:site_name\" content=\"Mallorca Walks\" \/>\n<meta property=\"article:published_time\" content=\"2020-12-10T10:06:46+00:00\" \/>\n<meta property=\"og:image\" content=\"https:\/\/mallorcawalks.com\/wp-content\/uploads\/2020\/12\/IMG_1419-scaled.jpeg\" \/>\n\t<meta property=\"og:image:width\" content=\"2560\" \/>\n\t<meta property=\"og:image:height\" content=\"2389\" \/>\n\t<meta property=\"og:image:type\" content=\"image\/jpeg\" \/>\n<meta name=\"author\" content=\"Josep\" \/>\n<meta name=\"twitter:card\" content=\"summary_large_image\" \/>\n<meta name=\"twitter:label1\" content=\"Escrito por\" \/>\n\t<meta name=\"twitter:data1\" content=\"Josep\" \/>\n\t<meta name=\"twitter:label2\" content=\"Tiempo de lectura\" \/>\n\t<meta name=\"twitter:data2\" content=\"1 minuto\" \/>\n<script type=\"application\/ld+json\" class=\"yoast-schema-graph\">{\"@context\":\"https:\/\/schema.org\",\"@graph\":[{\"@type\":\"WebPage\",\"@id\":\"https:\/\/mallorcawalks.com\/2020\/12\/10\/la-cabra-salvaje-mallorquina\/\",\"url\":\"https:\/\/mallorcawalks.com\/2020\/12\/10\/la-cabra-salvaje-mallorquina\/\",\"name\":\"La Cabra Salvaje Mallorquina - Mallorca Walks\",\"isPartOf\":{\"@id\":\"https:\/\/mallorcawalks.com\/#website\"},\"datePublished\":\"2020-12-10T10:06:46+00:00\",\"dateModified\":\"2020-12-10T10:06:46+00:00\",\"author\":{\"@id\":\"https:\/\/mallorcawalks.com\/#\/schema\/person\/8237ffe3e66691fc041f395957d962fb\"},\"breadcrumb\":{\"@id\":\"https:\/\/mallorcawalks.com\/2020\/12\/10\/la-cabra-salvaje-mallorquina\/#breadcrumb\"},\"inLanguage\":\"es\",\"potentialAction\":[{\"@type\":\"ReadAction\",\"target\":[\"https:\/\/mallorcawalks.com\/2020\/12\/10\/la-cabra-salvaje-mallorquina\/\"]}]},{\"@type\":\"BreadcrumbList\",\"@id\":\"https:\/\/mallorcawalks.com\/2020\/12\/10\/la-cabra-salvaje-mallorquina\/#breadcrumb\",\"itemListElement\":[{\"@type\":\"ListItem\",\"position\":1,\"name\":\"Portada\",\"item\":\"https:\/\/mallorcawalks.com\/es\/\"},{\"@type\":\"ListItem\",\"position\":2,\"name\":\"La Cabra Salvaje Mallorquina\"}]},{\"@type\":\"WebSite\",\"@id\":\"https:\/\/mallorcawalks.com\/#website\",\"url\":\"https:\/\/mallorcawalks.com\/\",\"name\":\"Mallorca Walks\",\"description\":\"Senderismo en Mallorca\",\"potentialAction\":[{\"@type\":\"SearchAction\",\"target\":{\"@type\":\"EntryPoint\",\"urlTemplate\":\"https:\/\/mallorcawalks.com\/?s={search_term_string}\"},\"query-input\":\"required name=search_term_string\"}],\"inLanguage\":\"es\"},{\"@type\":\"Person\",\"@id\":\"https:\/\/mallorcawalks.com\/#\/schema\/person\/8237ffe3e66691fc041f395957d962fb\",\"name\":\"Josep\",\"url\":\"https:\/\/mallorcawalks.com\/es\/author\/josep\/\"}]}<\/script>\n<!-- \/ Yoast SEO plugin. -->","yoast_head_json":{"title":"La Cabra Salvaje Mallorquina - Mallorca Walks","robots":{"index":"index","follow":"follow","max-snippet":"max-snippet:-1","max-image-preview":"max-image-preview:large","max-video-preview":"max-video-preview:-1"},"canonical":"https:\/\/mallorcawalks.com\/2020\/12\/10\/la-cabra-salvaje-mallorquina\/","og_locale":"es_ES","og_type":"article","og_title":"La Cabra Salvaje Mallorquina - Mallorca Walks","og_description":"La cabra salvaje mallorquina proviene de los primeros animales introducidos por el hombre en las...","og_url":"https:\/\/mallorcawalks.com\/2020\/12\/10\/la-cabra-salvaje-mallorquina\/","og_site_name":"Mallorca Walks","article_published_time":"2020-12-10T10:06:46+00:00","og_image":[{"width":2560,"height":2389,"url":"https:\/\/mallorcawalks.com\/wp-content\/uploads\/2020\/12\/IMG_1419-scaled.jpeg","type":"image\/jpeg"}],"author":"Josep","twitter_card":"summary_large_image","twitter_misc":{"Escrito por":"Josep","Tiempo de lectura":"1 minuto"},"schema":{"@context":"https:\/\/schema.org","@graph":[{"@type":"WebPage","@id":"https:\/\/mallorcawalks.com\/2020\/12\/10\/la-cabra-salvaje-mallorquina\/","url":"https:\/\/mallorcawalks.com\/2020\/12\/10\/la-cabra-salvaje-mallorquina\/","name":"La Cabra Salvaje Mallorquina - Mallorca Walks","isPartOf":{"@id":"https:\/\/mallorcawalks.com\/#website"},"datePublished":"2020-12-10T10:06:46+00:00","dateModified":"2020-12-10T10:06:46+00:00","author":{"@id":"https:\/\/mallorcawalks.com\/#\/schema\/person\/8237ffe3e66691fc041f395957d962fb"},"breadcrumb":{"@id":"https:\/\/mallorcawalks.com\/2020\/12\/10\/la-cabra-salvaje-mallorquina\/#breadcrumb"},"inLanguage":"es","potentialAction":[{"@type":"ReadAction","target":["https:\/\/mallorcawalks.com\/2020\/12\/10\/la-cabra-salvaje-mallorquina\/"]}]},{"@type":"BreadcrumbList","@id":"https:\/\/mallorcawalks.com\/2020\/12\/10\/la-cabra-salvaje-mallorquina\/#breadcrumb","itemListElement":[{"@type":"ListItem","position":1,"name":"Portada","item":"https:\/\/mallorcawalks.com\/es\/"},{"@type":"ListItem","position":2,"name":"La Cabra Salvaje Mallorquina"}]},{"@type":"WebSite","@id":"https:\/\/mallorcawalks.com\/#website","url":"https:\/\/mallorcawalks.com\/","name":"Mallorca Walks","description":"Senderismo en Mallorca","potentialAction":[{"@type":"SearchAction","target":{"@type":"EntryPoint","urlTemplate":"https:\/\/mallorcawalks.com\/?s={search_term_string}"},"query-input":"required name=search_term_string"}],"inLanguage":"es"},{"@type":"Person","@id":"https:\/\/mallorcawalks.com\/#\/schema\/person\/8237ffe3e66691fc041f395957d962fb","name":"Josep","url":"https:\/\/mallorcawalks.com\/es\/author\/josep\/"}]}},"_links":{"self":[{"href":"https:\/\/mallorcawalks.com\/es\/wp-json\/wp\/v2\/posts\/9866"}],"collection":[{"href":"https:\/\/mallorcawalks.com\/es\/wp-json\/wp\/v2\/posts"}],"about":[{"href":"https:\/\/mallorcawalks.com\/es\/wp-json\/wp\/v2\/types\/post"}],"author":[{"embeddable":true,"href":"https:\/\/mallorcawalks.com\/es\/wp-json\/wp\/v2\/users\/2"}],"replies":[{"embeddable":true,"href":"https:\/\/mallorcawalks.com\/es\/wp-json\/wp\/v2\/comments?post=9866"}],"version-history":[{"count":4,"href":"https:\/\/mallorcawalks.com\/es\/wp-json\/wp\/v2\/posts\/9866\/revisions"}],"predecessor-version":[{"id":9873,"href":"https:\/\/mallorcawalks.com\/es\/wp-json\/wp\/v2\/posts\/9866\/revisions\/9873"}],"wp:featuredmedia":[{"embeddable":true,"href":"https:\/\/mallorcawalks.com\/es\/wp-json\/wp\/v2\/media\/9867"}],"wp:attachment":[{"href":"https:\/\/mallorcawalks.com\/es\/wp-json\/wp\/v2\/media?parent=9866"}],"wp:term":[{"taxonomy":"category","embeddable":true,"href":"https:\/\/mallorcawalks.com\/es\/wp-json\/wp\/v2\/categories?post=9866"},{"taxonomy":"post_tag","embeddable":true,"href":"https:\/\/mallorcawalks.com\/es\/wp-json\/wp\/v2\/tags?post=9866"}],"curies":[{"name":"wp","href":"https:\/\/api.w.org\/{rel}","templated":true}]}}